{"id":3104,"date":"2019-02-21T21:47:17","date_gmt":"2019-02-21T21:47:17","guid":{"rendered":"http:\/\/www.mamiobstetra.com\/blog\/?p=3104"},"modified":"2019-02-27T14:51:03","modified_gmt":"2019-02-27T14:51:03","slug":"5-tips-que-debes-tener-en-cuenta-como-mama-para-llevar-a-tu-bebe-a-una-sesion-newborn","status":"publish","type":"post","link":"https:\/\/www.mamiobstetra.com\/blog\/5-tips-que-debes-tener-en-cuenta-como-mama-para-llevar-a-tu-bebe-a-una-sesion-newborn\/","title":{"rendered":"5 TIPS que debes tener en cuenta como mam\u00e1 para llevar a tu beb\u00e9 a una sesi\u00f3n newborn"},"content":{"rendered":"<p>Tener recuerdos de nuestros beb\u00e9s en sus primeros d\u00edas es algo que siempre los padres (sobre todo las madres) queremos tener, sin embargo, existen ciertas recomendaciones que debemos seguir. \u00bfSabes cu\u00e1les? No te pierdas estos 5 TIPS:<span lang=\"ES\"><span style=\"font-family: Calibri;\"><br \/>\n<\/span><\/span><\/p>\n<p>1. Para este tipo de fotograf\u00eda, es recomendable que nuestro beb\u00e9 tenga <b>entre 5 y 10 d\u00edas <\/b>de nacido. Durante este periodo pasan la mayor parte del tiempo dormiditos y conservan la posici\u00f3n fetal que ten\u00edan en el vientre materno. A medida que pasan esos d\u00edas debemos considerar que los beb\u00e9s ya no duermen tanto, tienen m\u00e1s fuerza y son menos flexibles.<\/p>\n<p>2.La duraci\u00f3n media de estas sesiones \u00a0suele ser <b>de 2 a 4 horas<\/b>, \u00a0Por ello es muy importante que los papitos est\u00e9n <b>tranquilos<\/b>, de esta manera se lo van a transmitir al beb\u00e9. Recordemos que es necesario que el beb\u00e9 est\u00e9 a gusto, tranquilo y relajado para comenzar con las fotos.<br \/>\n3. Durante la sesi\u00f3n deben hacerse ciertas pausas como sea necesario para cambiarlos, consentirlos o darles de comer. \u00a0Si hay hermanitos mayores y desean que participen, lo ideal es que se incorporen al final de la sesi\u00f3n, ya que por lo larga de la jornada pueden llegar a agobiarse.<\/p>\n<p>4. Para coordinar la cita \u00a0lo ideal es ponernos en contacto antes de dar a luz, m\u00e1s o menos el tercer trimestre del embarazo, teniendo en cuenta la fecha prevista de parto para que t\u00fa y la empresa que contrates pueda agendarlos con tiempo en su estudio o en la comodidad de tu hogar.<\/p>\n<p>5. Por \u00faltimo y m\u00e1s importante, debes asegurarte que la empresa que contrates tenga experiencia con beb\u00e9s reci\u00e9n nacido y puedas ver su portafolio. De esa forma al ver su trabajo podr\u00e1s elegir con m\u00e1s confianza.<\/p>\n<p>Hace poco una amiga muy cercana tuvo una sesi\u00f3n de fotos con su reci\u00e9n nacido y qued\u00e9 encantada por como la empresa que contrat\u00f3 tuvo mucho cuidado, carisma y confianza con ellos para sacar unas fotos preciosas. La empresa era de <a href=\"https:\/\/www.facebook.com\/Yakelin-regalado-436582657080415\/\">Yakelin Regalado<\/a>, se las recomiendo. Les ped\u00ed sus datos para recomendarselas a ustedes.<\/p>\n<p>Tel\u00e9fono: <b>939858801<\/b><\/p>\n<p>Facebook: <b>yakelin regalado<\/b><br \/>\nInstagram: <a href=\"https:\/\/www.instagram.com\/yakelinreg\"><b>@yakelinreg<\/b><\/a><\/p>\n<p>Web: <b><span lang=\"ES\"><a href=\"http:\/\/www.yakelinregalado.com\/\" target=\"_blank\" rel=\"noopener\">www.yakelinregalado.com<\/a><\/span><\/b><br \/>\nemail : <a href=\"mailto:yakelin.regalado@gmail.com\" target=\"_blank\" rel=\"noopener\">yakelin.regalado@gmail.com<\/a><\/p>\n","protected":false},"excerpt":{"rendered":"<p>Tener recuerdos de nuestros beb\u00e9s en sus primeros d\u00edas es algo que siempre los padres (sobre todo las madres) queremos tener, sin embargo, existen ciertas recomendaciones que debemos seguir. \u00bfSabes cu\u00e1les? No te pierdas estos 5 TIPS: 1. Para este tipo de fotograf\u00eda, es recomendable que nuestro beb\u00e9 tenga entre 5 y 10 d\u00edas de [&hellip;]<\/p>\n","protected":false},"author":2,"featured_media":3105,"comment_status":"open","ping_status":"open","sticky":false,"template":"","format":"standard","meta":[],"categories":[1],"tags":[171,35,169,172,68,109,170,101,173],"_links":{"self":[{"href":"https:\/\/www.mamiobstetra.com\/blog\/wp-json\/wp\/v2\/posts\/3104"}],"collection":[{"href":"https:\/\/www.mamiobstetra.com\/blog\/wp-json\/wp\/v2\/posts"}],"about":[{"href":"https:\/\/www.mamiobstetra.com\/blog\/wp-json\/wp\/v2\/types\/post"}],"author":[{"embeddable":true,"href":"https:\/\/www.mamiobstetra.com\/blog\/wp-json\/wp\/v2\/users\/2"}],"replies":[{"embeddable":true,"href":"https:\/\/www.mamiobstetra.com\/blog\/wp-json\/wp\/v2\/comments?post=3104"}],"version-history":[{"count":0,"href":"https:\/\/www.mamiobstetra.com\/blog\/wp-json\/wp\/v2\/posts\/3104\/revisions"}],"wp:featuredmedia":[{"embeddable":true,"href":"https:\/\/www.mamiobstetra.com\/blog\/wp-json\/wp\/v2\/media\/3105"}],"wp:attachment":[{"href":"https:\/\/www.mamiobstetra.com\/blog\/wp-json\/wp\/v2\/media?parent=3104"}],"wp:term":[{"taxonomy":"category","embeddable":true,"href":"https:\/\/www.mamiobstetra.com\/blog\/wp-json\/wp\/v2\/categories?post=3104"},{"taxonomy":"post_tag","embeddable":true,"href":"https:\/\/www.mamiobstetra.com\/blog\/wp-json\/wp\/v2\/tags?post=3104"}],"curies":[{"name":"wp","href":"https:\/\/api.w.org\/{rel}","templated":true}]}}